{"id":2264,"global_id":"observatorio.clusteraudiovisualmadrid.es\/en\/?id=2264","global_id_lineage":["observatorio.clusteraudiovisualmadrid.es\/en\/?id=2264"],"author":"4","status":"publish","date":"2025-10-21 12:24:36","date_utc":"2025-10-21 10:24:36","modified":"2025-10-21 12:24:36","modified_utc":"2025-10-21 10:24:36","url":"https:\/\/observatorio.clusteraudiovisualmadrid.es\/en\/evento\/7a-edicion-memorables-film-festival-2025\/","rest_url":"https:\/\/observatorio.clusteraudiovisualmadrid.es\/en\/wp-json\/tribe\/events\/v1\/events\/2264","title":"7\u00aa edici\u00f3n Memorables Film Festival 2025","description":"<p>Memorables Film Festival, dedicado a impulsar la creaci\u00f3n y difusi\u00f3n de cortometrajes sobre la enfermedad de Alzheimer, su impacto en pacientes y familiares, y su dimensi\u00f3n social. La inscripci\u00f3n es gratuita y est\u00e1 dirigida a personas con residencia en Espa\u00f1a. (Fuente: Memorables Film Festival)<\/p>","excerpt":"","slug":"7a-edicion-memorables-film-festival-2025","image":{"url":"https:\/\/observatorio.clusteraudiovisualmadrid.es\/wp-content\/uploads\/2025\/10\/memorables-2025.webp","id":2266,"extension":"webp","width":1024,"height":332,"filesize":45738,"sizes":{"medium":{"width":300,"height":97,"mime-type":"image\/webp","filesize":9032,"url":"https:\/\/observatorio.clusteraudiovisualmadrid.es\/wp-content\/uploads\/2025\/10\/memorables-2025-300x97.webp"},"thumbnail":{"width":150,"height":150,"mime-type":"image\/webp","filesize":4952,"url":"https:\/\/observatorio.clusteraudiovisualmadrid.es\/wp-content\/uploads\/2025\/10\/memorables-2025-150x150.webp"},"medium_large":{"width":768,"height":249,"mime-type":"image\/webp","filesize":32282,"url":"https:\/\/observatorio.clusteraudiovisualmadrid.es\/wp-content\/uploads\/2025\/10\/memorables-2025-768x249.webp"}}},"all_day":true,"start_date":"2025-10-23 00:00:00","start_date_details":{"year":"2025","month":"10","day":"23","hour":"00","minutes":"00","seconds":"00"},"end_date":"2025-10-23 23:59:59","end_date_details":{"year":"2025","month":"10","day":"23","hour":"23","minutes":"59","seconds":"59"},"utc_start_date":"2025-10-22 22:00:00","utc_start_date_details":{"year":"2025","month":"10","day":"22","hour":"22","minutes":"00","seconds":"00"},"utc_end_date":"2025-10-23 21:59:59","utc_end_date_details":{"year":"2025","month":"10","day":"23","hour":"21","minutes":"59","seconds":"59"},"timezone":"Europe\/Madrid","timezone_abbr":"CEST","cost":"Free","cost_details":{"currency_symbol":"\u20ac","currency_code":"EUR","currency_position":"suffix","values":["0"]},"website":"https:\/\/www.fundacioncien.es\/","show_map":false,"show_map_link":false,"hide_from_listings":false,"sticky":false,"featured":false,"categories":[{"name":"Festival","slug":"festival","term_group":0,"term_taxonomy_id":5,"taxonomy":"tribe_events_cat","description":"","parent":0,"count":89,"filter":"raw","id":5,"urls":{"self":"https:\/\/observatorio.clusteraudiovisualmadrid.es\/en\/wp-json\/tribe\/events\/v1\/categories\/5","collection":"https:\/\/observatorio.clusteraudiovisualmadrid.es\/en\/wp-json\/tribe\/events\/v1\/categories"}}],"tags":[{"name":"Cortometrajes","slug":"cortometrajes","term_group":0,"term_taxonomy_id":30,"taxonomy":"post_tag","description":"","parent":0,"count":43,"filter":"raw","id":30,"urls":{"self":"https:\/\/observatorio.clusteraudiovisualmadrid.es\/en\/wp-json\/tribe\/events\/v1\/tags\/30","collection":"https:\/\/observatorio.clusteraudiovisualmadrid.es\/en\/wp-json\/tribe\/events\/v1\/tags"}},{"name":"Festival","slug":"festival","term_group":0,"term_taxonomy_id":42,"taxonomy":"post_tag","description":"","parent":0,"count":84,"filter":"raw","id":42,"urls":{"self":"https:\/\/observatorio.clusteraudiovisualmadrid.es\/en\/wp-json\/tribe\/events\/v1\/tags\/42","collection":"https:\/\/observatorio.clusteraudiovisualmadrid.es\/en\/wp-json\/tribe\/events\/v1\/tags"}},{"name":"Salud","slug":"salud","term_group":0,"term_taxonomy_id":74,"taxonomy":"post_tag","description":"","parent":0,"count":2,"filter":"raw","id":74,"urls":{"self":"https:\/\/observatorio.clusteraudiovisualmadrid.es\/en\/wp-json\/tribe\/events\/v1\/tags\/74","collection":"https:\/\/observatorio.clusteraudiovisualmadrid.es\/en\/wp-json\/tribe\/events\/v1\/tags"}}],"venue":{"id":472,"author":"1","status":"publish","date":"2025-09-15 11:24:06","date_utc":"2025-09-15 09:24:06","modified":"2025-12-04 12:26:59","modified_utc":"2025-12-04 11:26:59","url":"https:\/\/observatorio.clusteraudiovisualmadrid.es\/venue\/madrid\/","venue":"Madrid","slug":"madrid","city":"Madrid","country":"Spain","province":"Madrid","stateprovince":"Madrid","json_ld":{"@type":"Place","name":"Madrid","description":"","url":"","address":{"@type":"PostalAddress","addressLocality":"Madrid","addressRegion":"Madrid","addressCountry":"Spain"},"telephone":"","sameAs":""},"show_map":true,"show_map_link":true,"global_id":"observatorio.clusteraudiovisualmadrid.es\/en\/?id=472","global_id_lineage":["observatorio.clusteraudiovisualmadrid.es\/en\/?id=472"]},"organizer":[{"id":2267,"author":"4","status":"publish","date":"2025-10-21 12:24:36","date_utc":"2025-10-21 10:24:36","modified":"2025-10-21 12:24:36","modified_utc":"2025-10-21 10:24:36","url":"https:\/\/observatorio.clusteraudiovisualmadrid.es\/organizer\/fundacion-cien-centro-de-investigacion-en-enfermedades-neurologicas-y-fundacion-reina-sofia\/","organizer":"Fundaci\u00f3n CIEN (Centro de Investigaci\u00f3n en Enfermedades Neurol\u00f3gicas) y Fundaci\u00f3n Reina Sof\u00eda.","slug":"fundacion-cien-centro-de-investigacion-en-enfermedades-neurologicas-y-fundacion-reina-sofia","phone":"+34 91 385 22 00","json_ld":{"@type":"Person","name":"Fundaci\u00f3n CIEN (Centro de Investigaci\u00f3n en Enfermedades Neurol\u00f3gicas) y Fundaci\u00f3n Reina Sof\u00eda.","description":"","url":"","telephone":"+34 91 385 22 00","email":"","sameAs":""},"global_id":"observatorio.clusteraudiovisualmadrid.es\/en\/?id=2267","global_id_lineage":["observatorio.clusteraudiovisualmadrid.es\/en\/?id=2267"]}],"custom_fields":[],"json_ld":{"@context":"http:\/\/schema.org","@type":"Event","name":"7\u00aa edici\u00f3n Memorables Film Festival 2025","description":"&lt;p&gt;Memorables Film Festival, dedicado a impulsar la creaci\u00f3n y difusi\u00f3n de cortometrajes sobre la enfermedad de Alzheimer, su impacto en pacientes y familiares, y su dimensi\u00f3n social. La inscripci\u00f3n es [&hellip;]&lt;\/p&gt;\\n","image":"https:\/\/observatorio.clusteraudiovisualmadrid.es\/wp-content\/uploads\/2025\/10\/memorables-2025.webp","url":"https:\/\/observatorio.clusteraudiovisualmadrid.es\/en\/evento\/7a-edicion-memorables-film-festival-2025\/","eventAttendanceMode":"https:\/\/schema.org\/OfflineEventAttendanceMode","eventStatus":"https:\/\/schema.org\/EventScheduled","startDate":"2025-10-23T00:00:00+02:00","endDate":"2025-10-23T23:59:59+02:00","location":{"@type":"Place","name":"Madrid","description":"","url":"","address":{"@type":"PostalAddress","addressLocality":"Madrid","addressRegion":"Madrid","addressCountry":"Spain"},"telephone":"","sameAs":""},"organizer":{"@type":"Person","name":"Fundaci\u00f3n CIEN (Centro de Investigaci\u00f3n en Enfermedades Neurol\u00f3gicas) y Fundaci\u00f3n Reina Sof\u00eda.","description":"","url":"","telephone":"+34 91 385 22 00","email":"","sameAs":""},"offers":{"@type":"Offer","price":"0","priceCurrency":"EUR","url":"https:\/\/observatorio.clusteraudiovisualmadrid.es\/en\/evento\/7a-edicion-memorables-film-festival-2025\/","category":"primary","availability":"inStock","validFrom":"1970-01-01T00:00:00+00:00"},"performer":"Organization"}}