{"id":2840,"date":"2025-09-22T09:50:04","date_gmt":"2025-09-22T07:50:04","guid":{"rendered":"https:\/\/observatorio.clusteraudiovisualmadrid.es\/?p=2840"},"modified":"2025-11-25T11:41:29","modified_gmt":"2025-11-25T10:41:29","slug":"europa-lidera-la-regulacion-de-la-ia-en-el-sector-audiovisual","status":"publish","type":"post","link":"https:\/\/observatorio.clusteraudiovisualmadrid.es\/en\/europa-lidera-la-regulacion-de-la-ia-en-el-sector-audiovisual\/","title":{"rendered":"Europa lidera la regulaci\u00f3n de la IA en el sector audiovisual"},"content":{"rendered":"\t\t<div data-elementor-type=\"wp-post\" data-elementor-id=\"2840\" class=\"elementor elementor-2840\" data-elementor-post-type=\"post\">\n\t\t\t\t<div class=\"elementor-element elementor-element-bf6170d e-flex e-con-boxed e-con e-parent\" data-id=\"bf6170d\" data-element_type=\"container\" data-e-type=\"container\">\n\t\t\t\t\t<div class=\"e-con-inner\">\n\t\t\t\t<div class=\"elementor-element elementor-element-cc17982 elementor-widget elementor-widget-text-editor\" data-id=\"cc17982\" data-element_type=\"widget\" data-e-type=\"widget\" data-widget_type=\"text-editor.default\">\n\t\t\t\t<div class=\"elementor-widget-container\">\n\t\t\t\t\t\t\t\t\t<p><strong>Europa es pionera en la regulaci\u00f3n de la inteligencia artificial (IA)<\/strong>, situ\u00e1ndose por delante de potencias como Estados Unidos y Reino Unido. Sin embargo, el marco legal todav\u00eda est\u00e1 en una\u00a0<strong>fase incipiente<\/strong>, con importantes desaf\u00edos para\u00a0<strong>proteger la creaci\u00f3n, los derechos de autor y el empleo en el sector audiovisual<\/strong>, sin frenar la innovaci\u00f3n tecnol\u00f3gica que impulsa la competitividad global.<span id=\"more-221383\"><\/span><\/p>\n<p>La edici\u00f3n 73\u00aa del Festival de San Sebasti\u00e1n acogi\u00f3 la mesa redonda organizada por la Asociaci\u00f3n de Productoras de Cine Independiente (<strong>AECINE<\/strong>),\u00a0<strong>\u201cEl sector audiovisual y la IA: retos y oportunidades en el marco europeo\u201d<\/strong>, en la que\u00a0<strong>productores, eurodiputados, empresas tecnol\u00f3gicas y representantes institucionales<\/strong>\u00a0debatieron sobre los desaf\u00edos que plantea la\u00a0<strong>Inteligencia Artificial (IA)<\/strong>\u00a0para la industria audiovisual. El consenso general ha sido que la normativa debe\u00a0<strong>proteger la creaci\u00f3n y los derechos de autor<\/strong>, sin frenar la innovaci\u00f3n ni la competitividad internacional.<\/p>\n<p>El acto fue inaugurado por\u00a0<strong>Mar\u00eda Luisa Guti\u00e9rrez<\/strong>, presidenta de\u00a0AECINE, quien subray\u00f3 la necesidad de acercar el sector audiovisual a Europa. \u201cEste a\u00f1o hemos querido centrar este acto en Europa, ese paraguas que siempre invocamos cuando peleamos por definir y proteger el cine independiente; hoy queremos iniciar\u00a0<strong>un di\u00e1logo estable con los eurodiputados<\/strong>\u00a0y hablar de ese tsunami que es la IA, y de c\u00f3mo la legislaci\u00f3n europea y espa\u00f1ola est\u00e1 afrontando este reto\u201d, dijo.<\/p>\n<p>La mesa estuvo moderada por\u00a0<strong>Rafael S\u00e1nchez<\/strong>, en representaci\u00f3n de\u00a0<strong>EGEDA<\/strong>, y cont\u00f3 con la participaci\u00f3n de\u00a0<strong>Pilar del Castillo<\/strong>\u00a0y\u00a0<strong>Adri\u00e1n V\u00e1zquez<\/strong>, eurodiputados del Grupo Popular Europeo;\u00a0<strong>Carmen P\u00e1ez<\/strong>, subsecretaria del Ministerio de Cultura;\u00a0<strong>Clara Ruip\u00e9rez de Azc\u00e1rate<\/strong>\u00a0(Telef\u00f3nica\/Movistar Plus+);\u00a0<strong>Miguel Langle<\/strong>\u00a0(Atresmedia); y\u00a0<strong>Jos\u00e9 Ignacio G\u00f3mez Santano<\/strong>\u00a0(\u00c9cija, asesor jur\u00eddico de AECINE).<\/p>\n<h5>Europa, pionera pero en fase inicial<\/h5>\n<p>La eurodiputada<strong>\u00a0<\/strong>Pilar del Castillo<strong>\u00a0<\/strong>destac\u00f3 que<strong>\u00a0la Uni\u00f3n Europea se encuentra a la cabeza en la creaci\u00f3n de un marco regulatorio com\u00fan sobre IA,\u00a0<\/strong>aunque subray\u00f3 que todav\u00eda se encuentra en una fase inicial. Seg\u00fan explic\u00f3, la normativa actual es \u00abincipiente y en muchos aspectos se basa en recomendaciones voluntarias\u00bb. En el caso de la inteligencia artificial generativa, precis\u00f3 que esta se considera de \u00abriesgo limitad\u00edsimo\u00bb.<\/p>\n<p>Por su parte,\u00a0<strong>Adri\u00e1n V\u00e1zquez<\/strong>, vicepresidente de la Comisi\u00f3n de Asuntos<strong>\u00a0<\/strong>Constitucionales y miembro de la Comisi\u00f3n Jur\u00eddica del Parlamento Europeo, recalc\u00f3 que\u00a0<strong>Europa act\u00faa como\u00a0\u201cpunta de lanza\u201d<\/strong>,<strong>\u00a0aunque con grandes desaf\u00edos,\u00a0<\/strong>ya que \u201cregular la IA es casi como ponerle puertas al campo. Estamos avanzando, pero con muchas incertidumbres. Uno de nuestros retos es actualizar la directiva de medios audiovisuales, y tambi\u00e9n trabajar en un<strong>\u00a0<\/strong><strong>nuevo marco que garantice una retribuci\u00f3n justa a los contenidos creados por productores y creadores<\/strong><strong>\u00a0<\/strong>frente al uso que puedan hacer las plataformas tecnol\u00f3gicas\u201d.<\/p>\n<p>V\u00e1zquez explic\u00f3 que el Parlamento est\u00e1 preparando un\u00a0<strong>informe sobre copyright e IA generativa<\/strong>, cuyo plazo de enmiendas cerr\u00f3 la semana pasada. \u201cQueremos proteger a Europa como\u00a0<strong>potencia en contenidos y creatividad<\/strong>, no se trata de frenar la innovaci\u00f3n tecnol\u00f3gica, sino de lograr un equilibrio justo. Pero cada vez que tocamos intereses de grandes plataformas globales, el debate se convierte tambi\u00e9n en un conflicto pol\u00edtico\u201d, asever\u00f3.<\/p>\n<p>Desde el \u00e1mbito empresarial,\u00a0<strong>Clara Ruip\u00e9rez de Azc\u00e1rate<\/strong>, directora de la Unidad de Propiedad Intelectual de Telef\u00f3nica y miembro del consejo de Movistar Plus+, explic\u00f3 c\u00f3mo su compa\u00f1\u00eda ya trabaja con\u00a0<strong>modelos internos de gobernanza<\/strong>\u00a0mientras se define el marco legal europeo. \u201cEn Telef\u00f3nica convivimos con la IA en tres niveles: como desarrolladores tecnol\u00f3gicos, como gestores de televisi\u00f3n y como productores de contenidos. Mientras llega la normativa definitiva, hemos establecido\u00a0<strong>c\u00f3digos \u00e9ticos internos<\/strong>\u00a0para guiar el uso de estas herramientas. Es clave\u00a0<strong>formar a nuestros equipos<\/strong>\u00a0y explicar qu\u00e9 es la IA, cu\u00e1les son sus riesgos y qu\u00e9 usos son aceptables\u201d, sostuvo.<\/p>\t\t\t\t\t\t\t\t<\/div>\n\t\t\t\t<\/div>\n\t\t\t\t<div class=\"elementor-element elementor-element-1310c1a elementor-widget elementor-widget-image\" data-id=\"1310c1a\" data-element_type=\"widget\" data-e-type=\"widget\" data-widget_type=\"image.default\">\n\t\t\t\t<div class=\"elementor-widget-container\">\n\t\t\t\t\t\t\t\t\t\t\t\t\t\t\t<img fetchpriority=\"high\" decoding=\"async\" width=\"800\" height=\"533\" src=\"https:\/\/observatorio.clusteraudiovisualmadrid.es\/wp-content\/uploads\/2025\/11\/aecinee-1024x682.jpeg\" class=\"attachment-large size-large wp-image-3776\" alt=\"\" srcset=\"https:\/\/observatorio.clusteraudiovisualmadrid.es\/wp-content\/uploads\/2025\/11\/aecinee-1024x682.jpeg 1024w, https:\/\/observatorio.clusteraudiovisualmadrid.es\/wp-content\/uploads\/2025\/11\/aecinee-300x200.jpeg 300w, https:\/\/observatorio.clusteraudiovisualmadrid.es\/wp-content\/uploads\/2025\/11\/aecinee-768x512.jpeg 768w, https:\/\/observatorio.clusteraudiovisualmadrid.es\/wp-content\/uploads\/2025\/11\/aecinee.jpeg 1280w\" sizes=\"(max-width: 800px) 100vw, 800px\" \/>\t\t\t\t\t\t\t\t\t\t\t\t\t\t\t<\/div>\n\t\t\t\t<\/div>\n\t\t\t\t\t<\/div>\n\t\t\t\t<\/div>\n\t\t<div class=\"elementor-element elementor-element-5b89622 e-flex e-con-boxed e-con e-parent\" data-id=\"5b89622\" data-element_type=\"container\" data-e-type=\"container\">\n\t\t\t\t\t<div class=\"e-con-inner\">\n\t\t\t\t<div class=\"elementor-element elementor-element-8fff2da elementor-widget elementor-widget-text-editor\" data-id=\"8fff2da\" data-element_type=\"widget\" data-e-type=\"widget\" data-widget_type=\"text-editor.default\">\n\t\t\t\t<div class=\"elementor-widget-container\">\n\t\t\t\t\t\t\t\t\t<p>Ruip\u00e9rez destac\u00f3 la\u00a0<strong>diferencia entre IA tradicional e IA generativa<\/strong>, que es la que plantea problemas de copyright y asever\u00f3 que \u201cno todas las IA generan conflictos: las generativas, que crean contenidos nuevos a partir de datos existentes, son las que requieren especial atenci\u00f3n y mientras tanto, aplicamos reglas internas para proteger a creadores y usuarios\u201d.<\/p>\n<p><strong>Miguel Langle<\/strong>, director de Asuntos Regulatorios e Institucionales de Atresmedia, valor\u00f3 positivamente que la legislaci\u00f3n europea est\u00e9 actuando con cautela e indico que \u201cel acierto ha sido\u00a0<strong>centrarse en riesgos claros<\/strong>, sin precipitarse a regular derivadas potenciales que a\u00fan no comprendemos del todo. Antes de crear leyes nuevas, debemos analizar si los problemas pueden resolverse con la normativa ya existente: derecho al honor, protecci\u00f3n de datos, competencia desleal, c\u00f3digo penal y civil, muchas veces ya contamos con herramientas legales suficientes\u201d. Langle a\u00f1adi\u00f3 que el sector debe evitar caer en una\u00a0<strong>hiperregulaci\u00f3n<\/strong>\u00a0que frene la innovaci\u00f3n y complique procesos que hoy se pueden abordar con la legislaci\u00f3n vigente.<\/p>\n<p><strong>Carmen P\u00e1ez<\/strong>, subsecretaria del Ministerio de Cultura, ofreci\u00f3 una visi\u00f3n centrada en la\u00a0<strong>protecci\u00f3n de los derechos laborales y creativos<\/strong>\u00a0y expuso que \u201cno comparto la idea de que la IA generativa no suponga riesgos. Tiene un impacto directo desde el punto de vista\u00a0<strong>sociopol\u00edtico<\/strong><strong>,<\/strong>\u00a0como la desinformaci\u00f3n, lo que nos obliga a exigir el\u00a0<strong>etiquetado de contenidos creados por IA<\/strong>\u00a0y adem\u00e1s, afecta a los\u00a0<strong>derechos econ\u00f3micos de guionistas, productores y trabajadores culturales<\/strong><strong>\u201d.<\/strong><\/p>\n<p>P\u00e1ez insisti\u00f3 en que el\u00a0<strong>sector creativo debe estar en el centro de la regulaci\u00f3n<\/strong>\u00a0y reclam\u00f3\u00a0<strong>seguridad jur\u00eddica<\/strong>\u00a0para que empresas y creadores sepan c\u00f3mo integrar estas herramientas pues \u201cla tecnolog\u00eda evoluciona r\u00e1pido, y los productores audiovisuales, que gestionan derechos colectivos para comercializar obras, necesitan reglas claras para evitar conflictos futuros.\u00a0<strong>Queremos que la innovaci\u00f3n sirva a la ciudadan\u00eda y a la cultura<\/strong>, no al rev\u00e9s\u201d.<\/p>\n<p>La subsecretaria destac\u00f3 la importancia de avanzar en un\u00a0<strong><a href=\"https:\/\/www.audiovisual451.com\/urtasun-insta-a-la-comision-europea-a-revisar-el-codigo-de-buenas-practicas-de-la-ia-para-proteger-a-los-creadores\/\" target=\"_blank\" rel=\"noopener\">C\u00f3digo de Buenas Pr\u00e1cticas<\/a>\u00a0europeo<\/strong>, que refleje las demandas del sector cultural y proteja sus intereses. \u201cEste c\u00f3digo debe ser un punto de partida para asegurar que la IA no erosione los derechos del sector audiovisual\u201d, resalt\u00f3.<\/p>\n<p><strong>Jos\u00e9 Ignacio G\u00f3mez Santano<\/strong>, abogado y asesor de AECINE, explic\u00f3 que el\u00a0<strong>C\u00f3digo de Buenas Pr\u00e1cticas<\/strong>\u00a0es una herramienta flexible que puede evolucionar. \u201cEs un marco de referencia que permitir\u00e1 guiar el uso de la IA en la industria, pero no resolver\u00e1 todos los problemas, la pr\u00e1ctica diaria traer\u00e1 nuevos retos que habr\u00e1 que abordar con ajustes constantes\u201d, ha anotado.<\/p>\n<p>En paralelo, desde la mesa se destac\u00f3 el\u00a0<strong>poder de la UE como regulador global<\/strong>, comparando el caso de la\u00a0<strong>protecci\u00f3n de datos (RGPD)<\/strong>: \u201cCuando Europa marca un est\u00e1ndar, el mundo lo sigue. Si las empresas quieren operar en el mercado europeo, deben cumplir nuestras reglas. Este modelo puede aplicarse tambi\u00e9n a la IA, estableciendo est\u00e1ndares \u00e9ticos y legales que tengan alcance internacional\u201d.<\/p>\n<p>En la parte final del debate, se abord\u00f3 el efecto de la IA en el\u00a0<strong>empleo y los procesos productivos<\/strong>. Langle se\u00f1al\u00f3 que, por ahora, no se han visto cambios dr\u00e1sticos en las estructuras laborales: \u201cestas herramientas mejoran la eficiencia en tareas concretas, pero no hemos llegado a un punto en el que sustituyan masivamente puestos de trabajo. La integraci\u00f3n ser\u00e1 gradual, y debemos acompa\u00f1arla con\u00a0<strong>formaci\u00f3n y adaptaci\u00f3n de los equipos<\/strong>\u201d.<\/p>\n<p>Los ponentes han hecho un llamado un\u00e1nime a\u00a0<strong>regular con inteligencia<\/strong>: avanzar en un marco europeo que combine\u00a0<strong>protecci\u00f3n del copyright, transparencia y etiquetado de contenidos<\/strong>, evitando frenar la innovaci\u00f3n y el objetivo compartido es que la IA se convierta en una\u00a0<strong>oportunidad para el crecimiento del sector audiovisual<\/strong>, asegurando al mismo tiempo la\u00a0<strong>sostenibilidad del ecosistema creativo europeo<\/strong><strong>\u00a0<\/strong>y la<strong>\u00a0<\/strong><strong>supervivencia del productor independiente<\/strong>.<\/p>\t\t\t\t\t\t\t\t<\/div>\n\t\t\t\t<\/div>\n\t\t\t\t\t<\/div>\n\t\t\t\t<\/div>\n\t\t<div class=\"elementor-element elementor-element-a093369 e-flex e-con-boxed e-con e-parent\" data-id=\"a093369\" data-element_type=\"container\" data-e-type=\"container\">\n\t\t\t\t\t<div class=\"e-con-inner\">\n\t\t<div class=\"elementor-element elementor-element-5b4201c e-con-full e-flex e-con e-child\" data-id=\"5b4201c\" data-element_type=\"container\" data-e-type=\"container\">\n\t\t\t\t<div class=\"elementor-element elementor-element-3b591fc elementor-widget elementor-widget-image\" data-id=\"3b591fc\" data-element_type=\"widget\" data-e-type=\"widget\" data-widget_type=\"image.default\">\n\t\t\t\t<div class=\"elementor-widget-container\">\n\t\t\t\t\t\t\t\t\t\t\t\t\t\t\t<img decoding=\"async\" width=\"800\" height=\"181\" src=\"https:\/\/observatorio.clusteraudiovisualmadrid.es\/wp-content\/uploads\/2025\/11\/3-logo-Europapress-1024x232.png\" class=\"attachment-large size-large wp-image-3867\" alt=\"\" srcset=\"https:\/\/observatorio.clusteraudiovisualmadrid.es\/wp-content\/uploads\/2025\/11\/3-logo-Europapress-1024x232.png 1024w, https:\/\/observatorio.clusteraudiovisualmadrid.es\/wp-content\/uploads\/2025\/11\/3-logo-Europapress-300x68.png 300w, https:\/\/observatorio.clusteraudiovisualmadrid.es\/wp-content\/uploads\/2025\/11\/3-logo-Europapress-768x174.png 768w, https:\/\/observatorio.clusteraudiovisualmadrid.es\/wp-content\/uploads\/2025\/11\/3-logo-Europapress.png 1064w\" sizes=\"(max-width: 800px) 100vw, 800px\" \/>\t\t\t\t\t\t\t\t\t\t\t\t\t\t\t<\/div>\n\t\t\t\t<\/div>\n\t\t\t\t<\/div>\n\t\t<div class=\"elementor-element elementor-element-bd93668 e-con-full e-flex e-con e-child\" data-id=\"bd93668\" data-element_type=\"container\" data-e-type=\"container\">\n\t\t\t\t<div class=\"elementor-element elementor-element-6a10a6b elementor-align-left elementor-widget__width-inherit elementor-mobile-align-center elementor-widget elementor-widget-button\" data-id=\"6a10a6b\" data-element_type=\"widget\" data-e-type=\"widget\" data-widget_type=\"button.default\">\n\t\t\t\t<div class=\"elementor-widget-container\">\n\t\t\t\t\t\t\t\t\t<div class=\"elementor-button-wrapper\">\n\t\t\t\t\t<a class=\"elementor-button elementor-button-link elementor-size-sm elementor-animation-float\" href=\"https:\/\/www.audiovisual451.com\/europa-lidera-la-regulacion-de-la-ia-en-el-sector-audiovisual-pero-aun-busca-equilibrar-innovacion-y-proteccion-de-derechos\/\" target=\"_blank\">\n\t\t\t\t\t\t<span class=\"elementor-button-content-wrapper\">\n\t\t\t\t\t\t<span class=\"elementor-button-icon\">\n\t\t\t\t<svg aria-hidden=\"true\" class=\"e-font-icon-svg e-fas-newspaper\" viewBox=\"0 0 576 512\" xmlns=\"http:\/\/www.w3.org\/2000\/svg\"><path d=\"M552 64H88c-13.255 0-24 10.745-24 24v8H24c-13.255 0-24 10.745-24 24v272c0 30.928 25.072 56 56 56h472c26.51 0 48-21.49 48-48V88c0-13.255-10.745-24-24-24zM56 400a8 8 0 0 1-8-8V144h16v248a8 8 0 0 1-8 8zm236-16H140c-6.627 0-12-5.373-12-12v-8c0-6.627 5.373-12 12-12h152c6.627 0 12 5.373 12 12v8c0 6.627-5.373 12-12 12zm208 0H348c-6.627 0-12-5.373-12-12v-8c0-6.627 5.373-12 12-12h152c6.627 0 12 5.373 12 12v8c0 6.627-5.373 12-12 12zm-208-96H140c-6.627 0-12-5.373-12-12v-8c0-6.627 5.373-12 12-12h152c6.627 0 12 5.373 12 12v8c0 6.627-5.373 12-12 12zm208 0H348c-6.627 0-12-5.373-12-12v-8c0-6.627 5.373-12 12-12h152c6.627 0 12 5.373 12 12v8c0 6.627-5.373 12-12 12zm0-96H140c-6.627 0-12-5.373-12-12v-40c0-6.627 5.373-12 12-12h360c6.627 0 12 5.373 12 12v40c0 6.627-5.373 12-12 12z\"><\/path><\/svg>\t\t\t<\/span>\n\t\t\t\t\t\t\t\t\t<span class=\"elementor-button-text\">Ver NOTICIA<\/span>\n\t\t\t\t\t<\/span>\n\t\t\t\t\t<\/a>\n\t\t\t\t<\/div>\n\t\t\t\t\t\t\t\t<\/div>\n\t\t\t\t<\/div>\n\t\t\t\t<\/div>\n\t\t\t\t\t<\/div>\n\t\t\t\t<\/div>\n\t\t\t\t<\/div>\n\t\t","protected":false},"excerpt":{"rendered":"<p>Europa es pionera en la regulaci\u00f3n de la inteligencia artificial, por delante de<br \/>\nUSA y UK. Sin embargo, el marco legal todav\u00eda est\u00e1 en fase incipiente, con<br \/>\nimportantes desaf\u00edos.<\/p>\n","protected":false},"author":4,"featured_media":3869,"comment_status":"closed","ping_status":"closed","sticky":false,"template":"","format":"standard","meta":{"footnotes":""},"categories":[118],"tags":[],"class_list":["post-2840","post","type-post","status-publish","format-standard","has-post-thumbnail","hentry","category-noticia"],"yoast_head":"<!-- This site is optimized with the Yoast SEO plugin v27.3 - https:\/\/yoast.com\/product\/yoast-seo-wordpress\/ -->\n<title>Europa lidera la regulaci\u00f3n de la IA en el sector audiovisual - Observatorio Cl\u00faster Audiovisual Madrid<\/title>\n<meta name=\"robots\" content=\"index, follow, max-snippet:-1, max-image-preview:large, max-video-preview:-1\" \/>\n<link rel=\"canonical\" href=\"https:\/\/observatorio.clusteraudiovisualmadrid.es\/europa-lidera-la-regulacion-de-la-ia-en-el-sector-audiovisual\/\" \/>\n<meta property=\"og:locale\" content=\"en_US\" \/>\n<meta property=\"og:type\" content=\"article\" \/>\n<meta property=\"og:title\" content=\"Europa lidera la regulaci\u00f3n de la IA en el sector audiovisual - Observatorio Cl\u00faster Audiovisual Madrid\" \/>\n<meta property=\"og:description\" content=\"Europa es pionera en la regulaci\u00f3n de la inteligencia artificial, por delante de USA y UK. Sin embargo, el marco legal todav\u00eda est\u00e1 en fase incipiente, con importantes desaf\u00edos.\" \/>\n<meta property=\"og:url\" content=\"https:\/\/observatorio.clusteraudiovisualmadrid.es\/europa-lidera-la-regulacion-de-la-ia-en-el-sector-audiovisual\/\" \/>\n<meta property=\"og:site_name\" content=\"Observatorio Cl\u00faster Audiovisual Madrid\" \/>\n<meta property=\"article:published_time\" content=\"2025-09-22T07:50:04+00:00\" \/>\n<meta property=\"article:modified_time\" content=\"2025-11-25T10:41:29+00:00\" \/>\n<meta property=\"og:image\" content=\"https:\/\/observatorio.clusteraudiovisualmadrid.es\/wp-content\/uploads\/2025\/11\/1-logo-audiovisual451.png\" \/>\n\t<meta property=\"og:image:width\" content=\"1064\" \/>\n\t<meta property=\"og:image:height\" content=\"241\" \/>\n\t<meta property=\"og:image:type\" content=\"image\/png\" \/>\n<meta name=\"author\" content=\"Pedro\" \/>\n<meta name=\"twitter:card\" content=\"summary_large_image\" \/>\n<meta name=\"twitter:label1\" content=\"Written by\" \/>\n\t<meta name=\"twitter:data1\" content=\"Pedro\" \/>\n\t<meta name=\"twitter:label2\" content=\"Est. reading time\" \/>\n\t<meta name=\"twitter:data2\" content=\"7 minutes\" \/>\n<script type=\"application\/ld+json\" class=\"yoast-schema-graph\">{\"@context\":\"https:\\\/\\\/schema.org\",\"@graph\":[{\"@type\":\"Article\",\"@id\":\"https:\\\/\\\/observatorio.clusteraudiovisualmadrid.es\\\/europa-lidera-la-regulacion-de-la-ia-en-el-sector-audiovisual\\\/#article\",\"isPartOf\":{\"@id\":\"https:\\\/\\\/observatorio.clusteraudiovisualmadrid.es\\\/europa-lidera-la-regulacion-de-la-ia-en-el-sector-audiovisual\\\/\"},\"author\":{\"name\":\"Pedro\",\"@id\":\"https:\\\/\\\/observatorio.clusteraudiovisualmadrid.es\\\/#\\\/schema\\\/person\\\/253e696f76dcd169fcdad12ec4920540\"},\"headline\":\"Europa lidera la regulaci\u00f3n de la IA en el sector audiovisual\",\"datePublished\":\"2025-09-22T07:50:04+00:00\",\"dateModified\":\"2025-11-25T10:41:29+00:00\",\"mainEntityOfPage\":{\"@id\":\"https:\\\/\\\/observatorio.clusteraudiovisualmadrid.es\\\/europa-lidera-la-regulacion-de-la-ia-en-el-sector-audiovisual\\\/\"},\"wordCount\":1340,\"publisher\":{\"@id\":\"https:\\\/\\\/observatorio.clusteraudiovisualmadrid.es\\\/#organization\"},\"image\":{\"@id\":\"https:\\\/\\\/observatorio.clusteraudiovisualmadrid.es\\\/europa-lidera-la-regulacion-de-la-ia-en-el-sector-audiovisual\\\/#primaryimage\"},\"thumbnailUrl\":\"https:\\\/\\\/observatorio.clusteraudiovisualmadrid.es\\\/wp-content\\\/uploads\\\/2025\\\/11\\\/1-logo-audiovisual451.png\",\"articleSection\":[\"Noticia\"],\"inLanguage\":\"en-US\"},{\"@type\":\"WebPage\",\"@id\":\"https:\\\/\\\/observatorio.clusteraudiovisualmadrid.es\\\/europa-lidera-la-regulacion-de-la-ia-en-el-sector-audiovisual\\\/\",\"url\":\"https:\\\/\\\/observatorio.clusteraudiovisualmadrid.es\\\/europa-lidera-la-regulacion-de-la-ia-en-el-sector-audiovisual\\\/\",\"name\":\"Europa lidera la regulaci\u00f3n de la IA en el sector audiovisual - Observatorio Cl\u00faster Audiovisual Madrid\",\"isPartOf\":{\"@id\":\"https:\\\/\\\/observatorio.clusteraudiovisualmadrid.es\\\/#website\"},\"primaryImageOfPage\":{\"@id\":\"https:\\\/\\\/observatorio.clusteraudiovisualmadrid.es\\\/europa-lidera-la-regulacion-de-la-ia-en-el-sector-audiovisual\\\/#primaryimage\"},\"image\":{\"@id\":\"https:\\\/\\\/observatorio.clusteraudiovisualmadrid.es\\\/europa-lidera-la-regulacion-de-la-ia-en-el-sector-audiovisual\\\/#primaryimage\"},\"thumbnailUrl\":\"https:\\\/\\\/observatorio.clusteraudiovisualmadrid.es\\\/wp-content\\\/uploads\\\/2025\\\/11\\\/1-logo-audiovisual451.png\",\"datePublished\":\"2025-09-22T07:50:04+00:00\",\"dateModified\":\"2025-11-25T10:41:29+00:00\",\"breadcrumb\":{\"@id\":\"https:\\\/\\\/observatorio.clusteraudiovisualmadrid.es\\\/europa-lidera-la-regulacion-de-la-ia-en-el-sector-audiovisual\\\/#breadcrumb\"},\"inLanguage\":\"en-US\",\"potentialAction\":[{\"@type\":\"ReadAction\",\"target\":[\"https:\\\/\\\/observatorio.clusteraudiovisualmadrid.es\\\/europa-lidera-la-regulacion-de-la-ia-en-el-sector-audiovisual\\\/\"]}]},{\"@type\":\"ImageObject\",\"inLanguage\":\"en-US\",\"@id\":\"https:\\\/\\\/observatorio.clusteraudiovisualmadrid.es\\\/europa-lidera-la-regulacion-de-la-ia-en-el-sector-audiovisual\\\/#primaryimage\",\"url\":\"https:\\\/\\\/observatorio.clusteraudiovisualmadrid.es\\\/wp-content\\\/uploads\\\/2025\\\/11\\\/1-logo-audiovisual451.png\",\"contentUrl\":\"https:\\\/\\\/observatorio.clusteraudiovisualmadrid.es\\\/wp-content\\\/uploads\\\/2025\\\/11\\\/1-logo-audiovisual451.png\",\"width\":1064,\"height\":241},{\"@type\":\"BreadcrumbList\",\"@id\":\"https:\\\/\\\/observatorio.clusteraudiovisualmadrid.es\\\/europa-lidera-la-regulacion-de-la-ia-en-el-sector-audiovisual\\\/#breadcrumb\",\"itemListElement\":[{\"@type\":\"ListItem\",\"position\":1,\"name\":\"Portada\",\"item\":\"https:\\\/\\\/observatorio.clusteraudiovisualmadrid.es\\\/\"},{\"@type\":\"ListItem\",\"position\":2,\"name\":\"Europa lidera la regulaci\u00f3n de la IA en el sector audiovisual\"}]},{\"@type\":\"WebSite\",\"@id\":\"https:\\\/\\\/observatorio.clusteraudiovisualmadrid.es\\\/#website\",\"url\":\"https:\\\/\\\/observatorio.clusteraudiovisualmadrid.es\\\/\",\"name\":\"Observatorio Cl\u00faster Audiovisual Madrid\",\"description\":\"\",\"publisher\":{\"@id\":\"https:\\\/\\\/observatorio.clusteraudiovisualmadrid.es\\\/#organization\"},\"potentialAction\":[{\"@type\":\"SearchAction\",\"target\":{\"@type\":\"EntryPoint\",\"urlTemplate\":\"https:\\\/\\\/observatorio.clusteraudiovisualmadrid.es\\\/?s={search_term_string}\"},\"query-input\":{\"@type\":\"PropertyValueSpecification\",\"valueRequired\":true,\"valueName\":\"search_term_string\"}}],\"inLanguage\":\"en-US\"},{\"@type\":\"Organization\",\"@id\":\"https:\\\/\\\/observatorio.clusteraudiovisualmadrid.es\\\/#organization\",\"name\":\"Observatorio Cl\u00faster Audiovisual Madrid\",\"url\":\"https:\\\/\\\/observatorio.clusteraudiovisualmadrid.es\\\/\",\"logo\":{\"@type\":\"ImageObject\",\"inLanguage\":\"en-US\",\"@id\":\"https:\\\/\\\/observatorio.clusteraudiovisualmadrid.es\\\/#\\\/schema\\\/logo\\\/image\\\/\",\"url\":\"https:\\\/\\\/observatorio.clusteraudiovisualmadrid.es\\\/wp-content\\\/uploads\\\/2025\\\/09\\\/cropped-cropped-logo-Observatorio-Horizontal.png\",\"contentUrl\":\"https:\\\/\\\/observatorio.clusteraudiovisualmadrid.es\\\/wp-content\\\/uploads\\\/2025\\\/09\\\/cropped-cropped-logo-Observatorio-Horizontal.png\",\"width\":695,\"height\":359,\"caption\":\"Observatorio Cl\u00faster Audiovisual Madrid\"},\"image\":{\"@id\":\"https:\\\/\\\/observatorio.clusteraudiovisualmadrid.es\\\/#\\\/schema\\\/logo\\\/image\\\/\"}},{\"@type\":\"Person\",\"@id\":\"https:\\\/\\\/observatorio.clusteraudiovisualmadrid.es\\\/#\\\/schema\\\/person\\\/253e696f76dcd169fcdad12ec4920540\",\"name\":\"Pedro\",\"image\":{\"@type\":\"ImageObject\",\"inLanguage\":\"en-US\",\"@id\":\"https:\\\/\\\/secure.gravatar.com\\\/avatar\\\/436ed8cd0bd1bcd3c6bed2273a9dff8198a199d980cbb3e561283197eb169c91?s=96&d=mm&r=g\",\"url\":\"https:\\\/\\\/secure.gravatar.com\\\/avatar\\\/436ed8cd0bd1bcd3c6bed2273a9dff8198a199d980cbb3e561283197eb169c91?s=96&d=mm&r=g\",\"contentUrl\":\"https:\\\/\\\/secure.gravatar.com\\\/avatar\\\/436ed8cd0bd1bcd3c6bed2273a9dff8198a199d980cbb3e561283197eb169c91?s=96&d=mm&r=g\",\"caption\":\"Pedro\"},\"url\":\"https:\\\/\\\/observatorio.clusteraudiovisualmadrid.es\\\/en\\\/author\\\/pedro_globaltalents\\\/\"}]}<\/script>\n<!-- \/ Yoast SEO plugin. -->","yoast_head_json":{"title":"Europa lidera la regulaci\u00f3n de la IA en el sector audiovisual - Observatorio Cl\u00faster Audiovisual Madrid","robots":{"index":"index","follow":"follow","max-snippet":"max-snippet:-1","max-image-preview":"max-image-preview:large","max-video-preview":"max-video-preview:-1"},"canonical":"https:\/\/observatorio.clusteraudiovisualmadrid.es\/europa-lidera-la-regulacion-de-la-ia-en-el-sector-audiovisual\/","og_locale":"en_US","og_type":"article","og_title":"Europa lidera la regulaci\u00f3n de la IA en el sector audiovisual - Observatorio Cl\u00faster Audiovisual Madrid","og_description":"Europa es pionera en la regulaci\u00f3n de la inteligencia artificial, por delante de USA y UK. Sin embargo, el marco legal todav\u00eda est\u00e1 en fase incipiente, con importantes desaf\u00edos.","og_url":"https:\/\/observatorio.clusteraudiovisualmadrid.es\/europa-lidera-la-regulacion-de-la-ia-en-el-sector-audiovisual\/","og_site_name":"Observatorio Cl\u00faster Audiovisual Madrid","article_published_time":"2025-09-22T07:50:04+00:00","article_modified_time":"2025-11-25T10:41:29+00:00","og_image":[{"width":1064,"height":241,"url":"https:\/\/observatorio.clusteraudiovisualmadrid.es\/wp-content\/uploads\/2025\/11\/1-logo-audiovisual451.png","type":"image\/png"}],"author":"Pedro","twitter_card":"summary_large_image","twitter_misc":{"Written by":"Pedro","Est. reading time":"7 minutes"},"schema":{"@context":"https:\/\/schema.org","@graph":[{"@type":"Article","@id":"https:\/\/observatorio.clusteraudiovisualmadrid.es\/europa-lidera-la-regulacion-de-la-ia-en-el-sector-audiovisual\/#article","isPartOf":{"@id":"https:\/\/observatorio.clusteraudiovisualmadrid.es\/europa-lidera-la-regulacion-de-la-ia-en-el-sector-audiovisual\/"},"author":{"name":"Pedro","@id":"https:\/\/observatorio.clusteraudiovisualmadrid.es\/#\/schema\/person\/253e696f76dcd169fcdad12ec4920540"},"headline":"Europa lidera la regulaci\u00f3n de la IA en el sector audiovisual","datePublished":"2025-09-22T07:50:04+00:00","dateModified":"2025-11-25T10:41:29+00:00","mainEntityOfPage":{"@id":"https:\/\/observatorio.clusteraudiovisualmadrid.es\/europa-lidera-la-regulacion-de-la-ia-en-el-sector-audiovisual\/"},"wordCount":1340,"publisher":{"@id":"https:\/\/observatorio.clusteraudiovisualmadrid.es\/#organization"},"image":{"@id":"https:\/\/observatorio.clusteraudiovisualmadrid.es\/europa-lidera-la-regulacion-de-la-ia-en-el-sector-audiovisual\/#primaryimage"},"thumbnailUrl":"https:\/\/observatorio.clusteraudiovisualmadrid.es\/wp-content\/uploads\/2025\/11\/1-logo-audiovisual451.png","articleSection":["Noticia"],"inLanguage":"en-US"},{"@type":"WebPage","@id":"https:\/\/observatorio.clusteraudiovisualmadrid.es\/europa-lidera-la-regulacion-de-la-ia-en-el-sector-audiovisual\/","url":"https:\/\/observatorio.clusteraudiovisualmadrid.es\/europa-lidera-la-regulacion-de-la-ia-en-el-sector-audiovisual\/","name":"Europa lidera la regulaci\u00f3n de la IA en el sector audiovisual - Observatorio Cl\u00faster Audiovisual Madrid","isPartOf":{"@id":"https:\/\/observatorio.clusteraudiovisualmadrid.es\/#website"},"primaryImageOfPage":{"@id":"https:\/\/observatorio.clusteraudiovisualmadrid.es\/europa-lidera-la-regulacion-de-la-ia-en-el-sector-audiovisual\/#primaryimage"},"image":{"@id":"https:\/\/observatorio.clusteraudiovisualmadrid.es\/europa-lidera-la-regulacion-de-la-ia-en-el-sector-audiovisual\/#primaryimage"},"thumbnailUrl":"https:\/\/observatorio.clusteraudiovisualmadrid.es\/wp-content\/uploads\/2025\/11\/1-logo-audiovisual451.png","datePublished":"2025-09-22T07:50:04+00:00","dateModified":"2025-11-25T10:41:29+00:00","breadcrumb":{"@id":"https:\/\/observatorio.clusteraudiovisualmadrid.es\/europa-lidera-la-regulacion-de-la-ia-en-el-sector-audiovisual\/#breadcrumb"},"inLanguage":"en-US","potentialAction":[{"@type":"ReadAction","target":["https:\/\/observatorio.clusteraudiovisualmadrid.es\/europa-lidera-la-regulacion-de-la-ia-en-el-sector-audiovisual\/"]}]},{"@type":"ImageObject","inLanguage":"en-US","@id":"https:\/\/observatorio.clusteraudiovisualmadrid.es\/europa-lidera-la-regulacion-de-la-ia-en-el-sector-audiovisual\/#primaryimage","url":"https:\/\/observatorio.clusteraudiovisualmadrid.es\/wp-content\/uploads\/2025\/11\/1-logo-audiovisual451.png","contentUrl":"https:\/\/observatorio.clusteraudiovisualmadrid.es\/wp-content\/uploads\/2025\/11\/1-logo-audiovisual451.png","width":1064,"height":241},{"@type":"BreadcrumbList","@id":"https:\/\/observatorio.clusteraudiovisualmadrid.es\/europa-lidera-la-regulacion-de-la-ia-en-el-sector-audiovisual\/#breadcrumb","itemListElement":[{"@type":"ListItem","position":1,"name":"Portada","item":"https:\/\/observatorio.clusteraudiovisualmadrid.es\/"},{"@type":"ListItem","position":2,"name":"Europa lidera la regulaci\u00f3n de la IA en el sector audiovisual"}]},{"@type":"WebSite","@id":"https:\/\/observatorio.clusteraudiovisualmadrid.es\/#website","url":"https:\/\/observatorio.clusteraudiovisualmadrid.es\/","name":"Observatorio Cl\u00faster Audiovisual Madrid","description":"","publisher":{"@id":"https:\/\/observatorio.clusteraudiovisualmadrid.es\/#organization"},"potentialAction":[{"@type":"SearchAction","target":{"@type":"EntryPoint","urlTemplate":"https:\/\/observatorio.clusteraudiovisualmadrid.es\/?s={search_term_string}"},"query-input":{"@type":"PropertyValueSpecification","valueRequired":true,"valueName":"search_term_string"}}],"inLanguage":"en-US"},{"@type":"Organization","@id":"https:\/\/observatorio.clusteraudiovisualmadrid.es\/#organization","name":"Observatorio Cl\u00faster Audiovisual Madrid","url":"https:\/\/observatorio.clusteraudiovisualmadrid.es\/","logo":{"@type":"ImageObject","inLanguage":"en-US","@id":"https:\/\/observatorio.clusteraudiovisualmadrid.es\/#\/schema\/logo\/image\/","url":"https:\/\/observatorio.clusteraudiovisualmadrid.es\/wp-content\/uploads\/2025\/09\/cropped-cropped-logo-Observatorio-Horizontal.png","contentUrl":"https:\/\/observatorio.clusteraudiovisualmadrid.es\/wp-content\/uploads\/2025\/09\/cropped-cropped-logo-Observatorio-Horizontal.png","width":695,"height":359,"caption":"Observatorio Cl\u00faster Audiovisual Madrid"},"image":{"@id":"https:\/\/observatorio.clusteraudiovisualmadrid.es\/#\/schema\/logo\/image\/"}},{"@type":"Person","@id":"https:\/\/observatorio.clusteraudiovisualmadrid.es\/#\/schema\/person\/253e696f76dcd169fcdad12ec4920540","name":"Pedro","image":{"@type":"ImageObject","inLanguage":"en-US","@id":"https:\/\/secure.gravatar.com\/avatar\/436ed8cd0bd1bcd3c6bed2273a9dff8198a199d980cbb3e561283197eb169c91?s=96&d=mm&r=g","url":"https:\/\/secure.gravatar.com\/avatar\/436ed8cd0bd1bcd3c6bed2273a9dff8198a199d980cbb3e561283197eb169c91?s=96&d=mm&r=g","contentUrl":"https:\/\/secure.gravatar.com\/avatar\/436ed8cd0bd1bcd3c6bed2273a9dff8198a199d980cbb3e561283197eb169c91?s=96&d=mm&r=g","caption":"Pedro"},"url":"https:\/\/observatorio.clusteraudiovisualmadrid.es\/en\/author\/pedro_globaltalents\/"}]}},"_links":{"self":[{"href":"https:\/\/observatorio.clusteraudiovisualmadrid.es\/en\/wp-json\/wp\/v2\/posts\/2840","targetHints":{"allow":["GET"]}}],"collection":[{"href":"https:\/\/observatorio.clusteraudiovisualmadrid.es\/en\/wp-json\/wp\/v2\/posts"}],"about":[{"href":"https:\/\/observatorio.clusteraudiovisualmadrid.es\/en\/wp-json\/wp\/v2\/types\/post"}],"author":[{"embeddable":true,"href":"https:\/\/observatorio.clusteraudiovisualmadrid.es\/en\/wp-json\/wp\/v2\/users\/4"}],"replies":[{"embeddable":true,"href":"https:\/\/observatorio.clusteraudiovisualmadrid.es\/en\/wp-json\/wp\/v2\/comments?post=2840"}],"version-history":[{"count":26,"href":"https:\/\/observatorio.clusteraudiovisualmadrid.es\/en\/wp-json\/wp\/v2\/posts\/2840\/revisions"}],"predecessor-version":[{"id":3984,"href":"https:\/\/observatorio.clusteraudiovisualmadrid.es\/en\/wp-json\/wp\/v2\/posts\/2840\/revisions\/3984"}],"wp:featuredmedia":[{"embeddable":true,"href":"https:\/\/observatorio.clusteraudiovisualmadrid.es\/en\/wp-json\/wp\/v2\/media\/3869"}],"wp:attachment":[{"href":"https:\/\/observatorio.clusteraudiovisualmadrid.es\/en\/wp-json\/wp\/v2\/media?parent=2840"}],"wp:term":[{"taxonomy":"category","embeddable":true,"href":"https:\/\/observatorio.clusteraudiovisualmadrid.es\/en\/wp-json\/wp\/v2\/categories?post=2840"},{"taxonomy":"post_tag","embeddable":true,"href":"https:\/\/observatorio.clusteraudiovisualmadrid.es\/en\/wp-json\/wp\/v2\/tags?post=2840"}],"curies":[{"name":"wp","href":"https:\/\/api.w.org\/{rel}","templated":true}]}}