{"id":3791,"date":"2025-11-07T19:52:35","date_gmt":"2025-11-07T18:52:35","guid":{"rendered":"https:\/\/observatorio.clusteraudiovisualmadrid.es\/?p=3791"},"modified":"2025-11-24T10:22:03","modified_gmt":"2025-11-24T09:22:03","slug":"la-aeit-madrid-analiza-los-desafios-del-ecosistema-del-video","status":"publish","type":"post","link":"https:\/\/observatorio.clusteraudiovisualmadrid.es\/en\/la-aeit-madrid-analiza-los-desafios-del-ecosistema-del-video\/","title":{"rendered":"AEIT-Madrid analiza los desaf\u00edos del ecosistema del v\u00eddeo"},"content":{"rendered":"\t\t<div data-elementor-type=\"wp-post\" data-elementor-id=\"3791\" class=\"elementor elementor-3791\" data-elementor-post-type=\"post\">\n\t\t\t\t<div class=\"elementor-element elementor-element-bf6170d e-flex e-con-boxed e-con e-parent\" data-id=\"bf6170d\" data-element_type=\"container\" data-e-type=\"container\">\n\t\t\t\t\t<div class=\"e-con-inner\">\n\t\t\t\t<div class=\"elementor-element elementor-element-cc17982 elementor-widget elementor-widget-text-editor\" data-id=\"cc17982\" data-element_type=\"widget\" data-e-type=\"widget\" data-widget_type=\"text-editor.default\">\n\t\t\t\t<div class=\"elementor-widget-container\">\n\t\t\t\t\t\t\t\t\t<p data-start=\"130\" data-end=\"557\">La inteligencia artificial y la hiperconectividad est\u00e1n cambiando de forma profunda la manera en que se producen y consumen los contenidos audiovisuales. Este nuevo escenario plantea importantes retos para todo el ecosistema del v\u00eddeo, en los que el papel de los ingenieros de telecomunicaci\u00f3n resulta decisivo gracias a su combinaci\u00f3n de conocimientos t\u00e9cnicos y capacidad estrat\u00e9gica para impulsar la innovaci\u00f3n en el sector.<\/p><p data-start=\"559\" data-end=\"1038\"><b>El 7 de Noviembre, en Madrid, c<\/b>on motivo de la Semana de la Ciencia e Innovaci\u00f3n de Madrid 2025, la Asociaci\u00f3n Espa\u00f1ola de Ingenieros de Telecomunicaci\u00f3n-Madrid (AEIT-Madrid) organiz\u00f3 el 4 de noviembre la conferencia <em data-start=\"775\" data-end=\"839\">\u201cThe Video Ecosystem in a Smart &amp; Connected World: Challenges\u201d<\/em>. La sesi\u00f3n fue impartida por Alfredo Redondo, ingeniero de telecomunicaci\u00f3n por la Universidad Polit\u00e9cnica de Madrid y profesional con m\u00e1s de tres d\u00e9cadas de trayectoria en la industria tecnol\u00f3gica.<\/p><p data-start=\"1040\" data-end=\"1464\">La presentaci\u00f3n estuvo a cargo de Inmaculada S\u00e1nchez Ramos y Jos\u00e9 Andr\u00e9s Berzal, presidenta y vocal de la asociaci\u00f3n, quienes resaltaron tanto la amplia experiencia de Redondo en el sector TIC como su destacado recorrido en posiciones de direcci\u00f3n en compa\u00f1\u00edas de referencia. Ambos pusieron en valor su capacidad anal\u00edtica, su visi\u00f3n estrat\u00e9gica y su profundo conocimiento del \u00e1mbito audiovisual y de las telecomunicaciones.<\/p><p data-start=\"1466\" data-end=\"1931\">Durante la conferencia, Redondo organiz\u00f3 su intervenci\u00f3n en cuatro bloques principales: <em data-start=\"1554\" data-end=\"1593\">\u201cFrom TV Video Streaming: Flash Back\u201d<\/em>, <em data-start=\"1595\" data-end=\"1636\">\u201cThe Video Ecosystem: Nice to Meet You\u201d<\/em>, <em data-start=\"1638\" data-end=\"1665\">\u201cThe Technology Clusters\u201d<\/em> y <em data-start=\"1668\" data-end=\"1690\">\u201cSummary &amp; Dilemmas\u201d<\/em>. A trav\u00e9s de ellos combin\u00f3 perspectivas tecnol\u00f3gicas, empresariales y macroecon\u00f3micas para ofrecer una panor\u00e1mica completa de la evoluci\u00f3n del ecosistema del v\u00eddeo, desde sus or\u00edgenes hasta su situaci\u00f3n actual y los retos que se vislumbran.<\/p><p data-start=\"1933\" data-end=\"2362\">El ponente profundiz\u00f3 en los desaf\u00edos de un <strong data-start=\"1977\" data-end=\"2016\">entorno m\u00e1s conectado e inteligente<\/strong>, destacando la relevancia de la ingenier\u00eda de telecomunicaci\u00f3n en la transformaci\u00f3n del sector. Abord\u00f3 cuestiones como la neutralidad de la red, la capacidad y exigencias de las infraestructuras, la evoluci\u00f3n de los modelos de distribuci\u00f3n de contenidos y los dilemas a los que se enfrenta la industria audiovisual ante nuevas formas de consumo.<\/p><p data-start=\"2364\" data-end=\"2626\">La jornada finaliz\u00f3 con un participativo turno de preguntas, donde los asistentes valoraron la claridad y profundidad de la exposici\u00f3n, reflejando el inter\u00e9s por comprender mejor los cambios tecnol\u00f3gicos y econ\u00f3micos que est\u00e1n redefiniendo el sector audiovisual.<\/p><p data-start=\"2628\" data-end=\"2865\">El evento volvi\u00f3 a poner de relieve el papel fundamental de la ingenier\u00eda de telecomunicaci\u00f3n como motor de innovaci\u00f3n y como disciplina clave para el desarrollo de soluciones avanzadas en un ecosistema audiovisual en continua evoluci\u00f3n.<\/p>\t\t\t\t\t\t\t\t<\/div>\n\t\t\t\t<\/div>\n\t\t\t\t\t<\/div>\n\t\t\t\t<\/div>\n\t\t<div class=\"elementor-element elementor-element-9c29bec e-flex e-con-boxed e-con e-parent\" data-id=\"9c29bec\" data-element_type=\"container\" data-e-type=\"container\">\n\t\t\t\t\t<div class=\"e-con-inner\">\n\t\t<div class=\"elementor-element elementor-element-c986d60 e-con-full e-flex e-con e-child\" data-id=\"c986d60\" data-element_type=\"container\" data-e-type=\"container\">\n\t\t\t\t<div class=\"elementor-element elementor-element-b68e97c elementor-widget elementor-widget-image\" data-id=\"b68e97c\" data-element_type=\"widget\" data-e-type=\"widget\" data-widget_type=\"image.default\">\n\t\t\t\t<div class=\"elementor-widget-container\">\n\t\t\t\t\t\t\t\t\t\t\t\t\t\t\t<img fetchpriority=\"high\" decoding=\"async\" width=\"800\" height=\"181\" src=\"https:\/\/observatorio.clusteraudiovisualmadrid.es\/wp-content\/uploads\/2025\/11\/3-logo-Europapress-1024x232.png\" class=\"attachment-large size-large wp-image-3867\" alt=\"\" srcset=\"https:\/\/observatorio.clusteraudiovisualmadrid.es\/wp-content\/uploads\/2025\/11\/3-logo-Europapress-1024x232.png 1024w, https:\/\/observatorio.clusteraudiovisualmadrid.es\/wp-content\/uploads\/2025\/11\/3-logo-Europapress-300x68.png 300w, https:\/\/observatorio.clusteraudiovisualmadrid.es\/wp-content\/uploads\/2025\/11\/3-logo-Europapress-768x174.png 768w, https:\/\/observatorio.clusteraudiovisualmadrid.es\/wp-content\/uploads\/2025\/11\/3-logo-Europapress.png 1064w\" sizes=\"(max-width: 800px) 100vw, 800px\" \/>\t\t\t\t\t\t\t\t\t\t\t\t\t\t\t<\/div>\n\t\t\t\t<\/div>\n\t\t\t\t<\/div>\n\t\t<div class=\"elementor-element elementor-element-9206f1d e-con-full e-flex e-con e-child\" data-id=\"9206f1d\" data-element_type=\"container\" data-e-type=\"container\">\n\t\t\t\t<div class=\"elementor-element elementor-element-b5a52f2 elementor-align-left elementor-widget__width-inherit elementor-mobile-align-center elementor-widget elementor-widget-button\" data-id=\"b5a52f2\" data-element_type=\"widget\" data-e-type=\"widget\" data-widget_type=\"button.default\">\n\t\t\t\t<div class=\"elementor-widget-container\">\n\t\t\t\t\t\t\t\t\t<div class=\"elementor-button-wrapper\">\n\t\t\t\t\t<a class=\"elementor-button elementor-button-link elementor-size-sm elementor-animation-float\" href=\"https:\/\/www.europapress.es\/comunicados\/tic-00911\/noticia-comunicado-aeit-madrid-analiza-desafios-ecosistema-video-mundo-inteligente-conectado-20251107131838.html\" target=\"_blank\">\n\t\t\t\t\t\t<span class=\"elementor-button-content-wrapper\">\n\t\t\t\t\t\t<span class=\"elementor-button-icon\">\n\t\t\t\t<svg aria-hidden=\"true\" class=\"e-font-icon-svg e-fas-newspaper\" viewBox=\"0 0 576 512\" xmlns=\"http:\/\/www.w3.org\/2000\/svg\"><path d=\"M552 64H88c-13.255 0-24 10.745-24 24v8H24c-13.255 0-24 10.745-24 24v272c0 30.928 25.072 56 56 56h472c26.51 0 48-21.49 48-48V88c0-13.255-10.745-24-24-24zM56 400a8 8 0 0 1-8-8V144h16v248a8 8 0 0 1-8 8zm236-16H140c-6.627 0-12-5.373-12-12v-8c0-6.627 5.373-12 12-12h152c6.627 0 12 5.373 12 12v8c0 6.627-5.373 12-12 12zm208 0H348c-6.627 0-12-5.373-12-12v-8c0-6.627 5.373-12 12-12h152c6.627 0 12 5.373 12 12v8c0 6.627-5.373 12-12 12zm-208-96H140c-6.627 0-12-5.373-12-12v-8c0-6.627 5.373-12 12-12h152c6.627 0 12 5.373 12 12v8c0 6.627-5.373 12-12 12zm208 0H348c-6.627 0-12-5.373-12-12v-8c0-6.627 5.373-12 12-12h152c6.627 0 12 5.373 12 12v8c0 6.627-5.373 12-12 12zm0-96H140c-6.627 0-12-5.373-12-12v-40c0-6.627 5.373-12 12-12h360c6.627 0 12 5.373 12 12v40c0 6.627-5.373 12-12 12z\"><\/path><\/svg>\t\t\t<\/span>\n\t\t\t\t\t\t\t\t\t<span class=\"elementor-button-text\">Ver NOTICIA<\/span>\n\t\t\t\t\t<\/span>\n\t\t\t\t\t<\/a>\n\t\t\t\t<\/div>\n\t\t\t\t\t\t\t\t<\/div>\n\t\t\t\t<\/div>\n\t\t\t\t<\/div>\n\t\t\t\t\t<\/div>\n\t\t\t\t<\/div>\n\t\t\t\t<\/div>\n\t\t","protected":false},"excerpt":{"rendered":"<p>Inteligencia artificial e hiperconectividad est\u00e1n transformando la producci\u00f3n y el<br \/>\nconsumo de contenidos audiovisuales, planteando nuevos retos en el sector.<\/p>\n","protected":false},"author":4,"featured_media":3867,"comment_status":"closed","ping_status":"closed","sticky":false,"template":"","format":"standard","meta":{"footnotes":""},"categories":[118],"tags":[],"class_list":["post-3791","post","type-post","status-publish","format-standard","has-post-thumbnail","hentry","category-noticia"],"yoast_head":"<!-- This site is optimized with the Yoast SEO plugin v27.3 - https:\/\/yoast.com\/product\/yoast-seo-wordpress\/ -->\n<title>AEIT-Madrid analiza los desaf\u00edos del ecosistema del v\u00eddeo - Observatorio Cl\u00faster Audiovisual Madrid<\/title>\n<meta name=\"robots\" content=\"index, follow, max-snippet:-1, max-image-preview:large, max-video-preview:-1\" \/>\n<link rel=\"canonical\" href=\"https:\/\/observatorio.clusteraudiovisualmadrid.es\/la-aeit-madrid-analiza-los-desafios-del-ecosistema-del-video\/\" \/>\n<meta property=\"og:locale\" content=\"en_US\" \/>\n<meta property=\"og:type\" content=\"article\" \/>\n<meta property=\"og:title\" content=\"AEIT-Madrid analiza los desaf\u00edos del ecosistema del v\u00eddeo - Observatorio Cl\u00faster Audiovisual Madrid\" \/>\n<meta property=\"og:description\" content=\"Inteligencia artificial e hiperconectividad est\u00e1n transformando la producci\u00f3n y el consumo de contenidos audiovisuales, planteando nuevos retos en el sector.\" \/>\n<meta property=\"og:url\" content=\"https:\/\/observatorio.clusteraudiovisualmadrid.es\/la-aeit-madrid-analiza-los-desafios-del-ecosistema-del-video\/\" \/>\n<meta property=\"og:site_name\" content=\"Observatorio Cl\u00faster Audiovisual Madrid\" \/>\n<meta property=\"article:published_time\" content=\"2025-11-07T18:52:35+00:00\" \/>\n<meta property=\"article:modified_time\" content=\"2025-11-24T09:22:03+00:00\" \/>\n<meta property=\"og:image\" content=\"https:\/\/observatorio.clusteraudiovisualmadrid.es\/wp-content\/uploads\/2025\/11\/3-logo-Europapress.png\" \/>\n\t<meta property=\"og:image:width\" content=\"1064\" \/>\n\t<meta property=\"og:image:height\" content=\"241\" \/>\n\t<meta property=\"og:image:type\" content=\"image\/png\" \/>\n<meta name=\"author\" content=\"Pedro\" \/>\n<meta name=\"twitter:card\" content=\"summary_large_image\" \/>\n<meta name=\"twitter:label1\" content=\"Written by\" \/>\n\t<meta name=\"twitter:data1\" content=\"Pedro\" \/>\n\t<meta name=\"twitter:label2\" content=\"Est. reading time\" \/>\n\t<meta name=\"twitter:data2\" content=\"2 minutes\" \/>\n<script type=\"application\/ld+json\" class=\"yoast-schema-graph\">{\"@context\":\"https:\\\/\\\/schema.org\",\"@graph\":[{\"@type\":\"Article\",\"@id\":\"https:\\\/\\\/observatorio.clusteraudiovisualmadrid.es\\\/la-aeit-madrid-analiza-los-desafios-del-ecosistema-del-video\\\/#article\",\"isPartOf\":{\"@id\":\"https:\\\/\\\/observatorio.clusteraudiovisualmadrid.es\\\/la-aeit-madrid-analiza-los-desafios-del-ecosistema-del-video\\\/\"},\"author\":{\"name\":\"Pedro\",\"@id\":\"https:\\\/\\\/observatorio.clusteraudiovisualmadrid.es\\\/#\\\/schema\\\/person\\\/253e696f76dcd169fcdad12ec4920540\"},\"headline\":\"AEIT-Madrid analiza los desaf\u00edos del ecosistema del v\u00eddeo\",\"datePublished\":\"2025-11-07T18:52:35+00:00\",\"dateModified\":\"2025-11-24T09:22:03+00:00\",\"mainEntityOfPage\":{\"@id\":\"https:\\\/\\\/observatorio.clusteraudiovisualmadrid.es\\\/la-aeit-madrid-analiza-los-desafios-del-ecosistema-del-video\\\/\"},\"wordCount\":465,\"publisher\":{\"@id\":\"https:\\\/\\\/observatorio.clusteraudiovisualmadrid.es\\\/#organization\"},\"image\":{\"@id\":\"https:\\\/\\\/observatorio.clusteraudiovisualmadrid.es\\\/la-aeit-madrid-analiza-los-desafios-del-ecosistema-del-video\\\/#primaryimage\"},\"thumbnailUrl\":\"https:\\\/\\\/observatorio.clusteraudiovisualmadrid.es\\\/wp-content\\\/uploads\\\/2025\\\/11\\\/3-logo-Europapress.png\",\"articleSection\":[\"Noticia\"],\"inLanguage\":\"en-US\"},{\"@type\":\"WebPage\",\"@id\":\"https:\\\/\\\/observatorio.clusteraudiovisualmadrid.es\\\/la-aeit-madrid-analiza-los-desafios-del-ecosistema-del-video\\\/\",\"url\":\"https:\\\/\\\/observatorio.clusteraudiovisualmadrid.es\\\/la-aeit-madrid-analiza-los-desafios-del-ecosistema-del-video\\\/\",\"name\":\"AEIT-Madrid analiza los desaf\u00edos del ecosistema del v\u00eddeo - Observatorio Cl\u00faster Audiovisual Madrid\",\"isPartOf\":{\"@id\":\"https:\\\/\\\/observatorio.clusteraudiovisualmadrid.es\\\/#website\"},\"primaryImageOfPage\":{\"@id\":\"https:\\\/\\\/observatorio.clusteraudiovisualmadrid.es\\\/la-aeit-madrid-analiza-los-desafios-del-ecosistema-del-video\\\/#primaryimage\"},\"image\":{\"@id\":\"https:\\\/\\\/observatorio.clusteraudiovisualmadrid.es\\\/la-aeit-madrid-analiza-los-desafios-del-ecosistema-del-video\\\/#primaryimage\"},\"thumbnailUrl\":\"https:\\\/\\\/observatorio.clusteraudiovisualmadrid.es\\\/wp-content\\\/uploads\\\/2025\\\/11\\\/3-logo-Europapress.png\",\"datePublished\":\"2025-11-07T18:52:35+00:00\",\"dateModified\":\"2025-11-24T09:22:03+00:00\",\"breadcrumb\":{\"@id\":\"https:\\\/\\\/observatorio.clusteraudiovisualmadrid.es\\\/la-aeit-madrid-analiza-los-desafios-del-ecosistema-del-video\\\/#breadcrumb\"},\"inLanguage\":\"en-US\",\"potentialAction\":[{\"@type\":\"ReadAction\",\"target\":[\"https:\\\/\\\/observatorio.clusteraudiovisualmadrid.es\\\/la-aeit-madrid-analiza-los-desafios-del-ecosistema-del-video\\\/\"]}]},{\"@type\":\"ImageObject\",\"inLanguage\":\"en-US\",\"@id\":\"https:\\\/\\\/observatorio.clusteraudiovisualmadrid.es\\\/la-aeit-madrid-analiza-los-desafios-del-ecosistema-del-video\\\/#primaryimage\",\"url\":\"https:\\\/\\\/observatorio.clusteraudiovisualmadrid.es\\\/wp-content\\\/uploads\\\/2025\\\/11\\\/3-logo-Europapress.png\",\"contentUrl\":\"https:\\\/\\\/observatorio.clusteraudiovisualmadrid.es\\\/wp-content\\\/uploads\\\/2025\\\/11\\\/3-logo-Europapress.png\",\"width\":1064,\"height\":241},{\"@type\":\"BreadcrumbList\",\"@id\":\"https:\\\/\\\/observatorio.clusteraudiovisualmadrid.es\\\/la-aeit-madrid-analiza-los-desafios-del-ecosistema-del-video\\\/#breadcrumb\",\"itemListElement\":[{\"@type\":\"ListItem\",\"position\":1,\"name\":\"Portada\",\"item\":\"https:\\\/\\\/observatorio.clusteraudiovisualmadrid.es\\\/\"},{\"@type\":\"ListItem\",\"position\":2,\"name\":\"AEIT-Madrid analiza los desaf\u00edos del ecosistema del v\u00eddeo\"}]},{\"@type\":\"WebSite\",\"@id\":\"https:\\\/\\\/observatorio.clusteraudiovisualmadrid.es\\\/#website\",\"url\":\"https:\\\/\\\/observatorio.clusteraudiovisualmadrid.es\\\/\",\"name\":\"Observatorio Cl\u00faster Audiovisual Madrid\",\"description\":\"\",\"publisher\":{\"@id\":\"https:\\\/\\\/observatorio.clusteraudiovisualmadrid.es\\\/#organization\"},\"potentialAction\":[{\"@type\":\"SearchAction\",\"target\":{\"@type\":\"EntryPoint\",\"urlTemplate\":\"https:\\\/\\\/observatorio.clusteraudiovisualmadrid.es\\\/?s={search_term_string}\"},\"query-input\":{\"@type\":\"PropertyValueSpecification\",\"valueRequired\":true,\"valueName\":\"search_term_string\"}}],\"inLanguage\":\"en-US\"},{\"@type\":\"Organization\",\"@id\":\"https:\\\/\\\/observatorio.clusteraudiovisualmadrid.es\\\/#organization\",\"name\":\"Observatorio Cl\u00faster Audiovisual Madrid\",\"url\":\"https:\\\/\\\/observatorio.clusteraudiovisualmadrid.es\\\/\",\"logo\":{\"@type\":\"ImageObject\",\"inLanguage\":\"en-US\",\"@id\":\"https:\\\/\\\/observatorio.clusteraudiovisualmadrid.es\\\/#\\\/schema\\\/logo\\\/image\\\/\",\"url\":\"https:\\\/\\\/observatorio.clusteraudiovisualmadrid.es\\\/wp-content\\\/uploads\\\/2025\\\/09\\\/cropped-cropped-logo-Observatorio-Horizontal.png\",\"contentUrl\":\"https:\\\/\\\/observatorio.clusteraudiovisualmadrid.es\\\/wp-content\\\/uploads\\\/2025\\\/09\\\/cropped-cropped-logo-Observatorio-Horizontal.png\",\"width\":695,\"height\":359,\"caption\":\"Observatorio Cl\u00faster Audiovisual Madrid\"},\"image\":{\"@id\":\"https:\\\/\\\/observatorio.clusteraudiovisualmadrid.es\\\/#\\\/schema\\\/logo\\\/image\\\/\"}},{\"@type\":\"Person\",\"@id\":\"https:\\\/\\\/observatorio.clusteraudiovisualmadrid.es\\\/#\\\/schema\\\/person\\\/253e696f76dcd169fcdad12ec4920540\",\"name\":\"Pedro\",\"image\":{\"@type\":\"ImageObject\",\"inLanguage\":\"en-US\",\"@id\":\"https:\\\/\\\/secure.gravatar.com\\\/avatar\\\/436ed8cd0bd1bcd3c6bed2273a9dff8198a199d980cbb3e561283197eb169c91?s=96&d=mm&r=g\",\"url\":\"https:\\\/\\\/secure.gravatar.com\\\/avatar\\\/436ed8cd0bd1bcd3c6bed2273a9dff8198a199d980cbb3e561283197eb169c91?s=96&d=mm&r=g\",\"contentUrl\":\"https:\\\/\\\/secure.gravatar.com\\\/avatar\\\/436ed8cd0bd1bcd3c6bed2273a9dff8198a199d980cbb3e561283197eb169c91?s=96&d=mm&r=g\",\"caption\":\"Pedro\"},\"url\":\"https:\\\/\\\/observatorio.clusteraudiovisualmadrid.es\\\/en\\\/author\\\/pedro_globaltalents\\\/\"}]}<\/script>\n<!-- \/ Yoast SEO plugin. -->","yoast_head_json":{"title":"AEIT-Madrid analiza los desaf\u00edos del ecosistema del v\u00eddeo - Observatorio Cl\u00faster Audiovisual Madrid","robots":{"index":"index","follow":"follow","max-snippet":"max-snippet:-1","max-image-preview":"max-image-preview:large","max-video-preview":"max-video-preview:-1"},"canonical":"https:\/\/observatorio.clusteraudiovisualmadrid.es\/la-aeit-madrid-analiza-los-desafios-del-ecosistema-del-video\/","og_locale":"en_US","og_type":"article","og_title":"AEIT-Madrid analiza los desaf\u00edos del ecosistema del v\u00eddeo - Observatorio Cl\u00faster Audiovisual Madrid","og_description":"Inteligencia artificial e hiperconectividad est\u00e1n transformando la producci\u00f3n y el consumo de contenidos audiovisuales, planteando nuevos retos en el sector.","og_url":"https:\/\/observatorio.clusteraudiovisualmadrid.es\/la-aeit-madrid-analiza-los-desafios-del-ecosistema-del-video\/","og_site_name":"Observatorio Cl\u00faster Audiovisual Madrid","article_published_time":"2025-11-07T18:52:35+00:00","article_modified_time":"2025-11-24T09:22:03+00:00","og_image":[{"width":1064,"height":241,"url":"https:\/\/observatorio.clusteraudiovisualmadrid.es\/wp-content\/uploads\/2025\/11\/3-logo-Europapress.png","type":"image\/png"}],"author":"Pedro","twitter_card":"summary_large_image","twitter_misc":{"Written by":"Pedro","Est. reading time":"2 minutes"},"schema":{"@context":"https:\/\/schema.org","@graph":[{"@type":"Article","@id":"https:\/\/observatorio.clusteraudiovisualmadrid.es\/la-aeit-madrid-analiza-los-desafios-del-ecosistema-del-video\/#article","isPartOf":{"@id":"https:\/\/observatorio.clusteraudiovisualmadrid.es\/la-aeit-madrid-analiza-los-desafios-del-ecosistema-del-video\/"},"author":{"name":"Pedro","@id":"https:\/\/observatorio.clusteraudiovisualmadrid.es\/#\/schema\/person\/253e696f76dcd169fcdad12ec4920540"},"headline":"AEIT-Madrid analiza los desaf\u00edos del ecosistema del v\u00eddeo","datePublished":"2025-11-07T18:52:35+00:00","dateModified":"2025-11-24T09:22:03+00:00","mainEntityOfPage":{"@id":"https:\/\/observatorio.clusteraudiovisualmadrid.es\/la-aeit-madrid-analiza-los-desafios-del-ecosistema-del-video\/"},"wordCount":465,"publisher":{"@id":"https:\/\/observatorio.clusteraudiovisualmadrid.es\/#organization"},"image":{"@id":"https:\/\/observatorio.clusteraudiovisualmadrid.es\/la-aeit-madrid-analiza-los-desafios-del-ecosistema-del-video\/#primaryimage"},"thumbnailUrl":"https:\/\/observatorio.clusteraudiovisualmadrid.es\/wp-content\/uploads\/2025\/11\/3-logo-Europapress.png","articleSection":["Noticia"],"inLanguage":"en-US"},{"@type":"WebPage","@id":"https:\/\/observatorio.clusteraudiovisualmadrid.es\/la-aeit-madrid-analiza-los-desafios-del-ecosistema-del-video\/","url":"https:\/\/observatorio.clusteraudiovisualmadrid.es\/la-aeit-madrid-analiza-los-desafios-del-ecosistema-del-video\/","name":"AEIT-Madrid analiza los desaf\u00edos del ecosistema del v\u00eddeo - Observatorio Cl\u00faster Audiovisual Madrid","isPartOf":{"@id":"https:\/\/observatorio.clusteraudiovisualmadrid.es\/#website"},"primaryImageOfPage":{"@id":"https:\/\/observatorio.clusteraudiovisualmadrid.es\/la-aeit-madrid-analiza-los-desafios-del-ecosistema-del-video\/#primaryimage"},"image":{"@id":"https:\/\/observatorio.clusteraudiovisualmadrid.es\/la-aeit-madrid-analiza-los-desafios-del-ecosistema-del-video\/#primaryimage"},"thumbnailUrl":"https:\/\/observatorio.clusteraudiovisualmadrid.es\/wp-content\/uploads\/2025\/11\/3-logo-Europapress.png","datePublished":"2025-11-07T18:52:35+00:00","dateModified":"2025-11-24T09:22:03+00:00","breadcrumb":{"@id":"https:\/\/observatorio.clusteraudiovisualmadrid.es\/la-aeit-madrid-analiza-los-desafios-del-ecosistema-del-video\/#breadcrumb"},"inLanguage":"en-US","potentialAction":[{"@type":"ReadAction","target":["https:\/\/observatorio.clusteraudiovisualmadrid.es\/la-aeit-madrid-analiza-los-desafios-del-ecosistema-del-video\/"]}]},{"@type":"ImageObject","inLanguage":"en-US","@id":"https:\/\/observatorio.clusteraudiovisualmadrid.es\/la-aeit-madrid-analiza-los-desafios-del-ecosistema-del-video\/#primaryimage","url":"https:\/\/observatorio.clusteraudiovisualmadrid.es\/wp-content\/uploads\/2025\/11\/3-logo-Europapress.png","contentUrl":"https:\/\/observatorio.clusteraudiovisualmadrid.es\/wp-content\/uploads\/2025\/11\/3-logo-Europapress.png","width":1064,"height":241},{"@type":"BreadcrumbList","@id":"https:\/\/observatorio.clusteraudiovisualmadrid.es\/la-aeit-madrid-analiza-los-desafios-del-ecosistema-del-video\/#breadcrumb","itemListElement":[{"@type":"ListItem","position":1,"name":"Portada","item":"https:\/\/observatorio.clusteraudiovisualmadrid.es\/"},{"@type":"ListItem","position":2,"name":"AEIT-Madrid analiza los desaf\u00edos del ecosistema del v\u00eddeo"}]},{"@type":"WebSite","@id":"https:\/\/observatorio.clusteraudiovisualmadrid.es\/#website","url":"https:\/\/observatorio.clusteraudiovisualmadrid.es\/","name":"Observatorio Cl\u00faster Audiovisual Madrid","description":"","publisher":{"@id":"https:\/\/observatorio.clusteraudiovisualmadrid.es\/#organization"},"potentialAction":[{"@type":"SearchAction","target":{"@type":"EntryPoint","urlTemplate":"https:\/\/observatorio.clusteraudiovisualmadrid.es\/?s={search_term_string}"},"query-input":{"@type":"PropertyValueSpecification","valueRequired":true,"valueName":"search_term_string"}}],"inLanguage":"en-US"},{"@type":"Organization","@id":"https:\/\/observatorio.clusteraudiovisualmadrid.es\/#organization","name":"Observatorio Cl\u00faster Audiovisual Madrid","url":"https:\/\/observatorio.clusteraudiovisualmadrid.es\/","logo":{"@type":"ImageObject","inLanguage":"en-US","@id":"https:\/\/observatorio.clusteraudiovisualmadrid.es\/#\/schema\/logo\/image\/","url":"https:\/\/observatorio.clusteraudiovisualmadrid.es\/wp-content\/uploads\/2025\/09\/cropped-cropped-logo-Observatorio-Horizontal.png","contentUrl":"https:\/\/observatorio.clusteraudiovisualmadrid.es\/wp-content\/uploads\/2025\/09\/cropped-cropped-logo-Observatorio-Horizontal.png","width":695,"height":359,"caption":"Observatorio Cl\u00faster Audiovisual Madrid"},"image":{"@id":"https:\/\/observatorio.clusteraudiovisualmadrid.es\/#\/schema\/logo\/image\/"}},{"@type":"Person","@id":"https:\/\/observatorio.clusteraudiovisualmadrid.es\/#\/schema\/person\/253e696f76dcd169fcdad12ec4920540","name":"Pedro","image":{"@type":"ImageObject","inLanguage":"en-US","@id":"https:\/\/secure.gravatar.com\/avatar\/436ed8cd0bd1bcd3c6bed2273a9dff8198a199d980cbb3e561283197eb169c91?s=96&d=mm&r=g","url":"https:\/\/secure.gravatar.com\/avatar\/436ed8cd0bd1bcd3c6bed2273a9dff8198a199d980cbb3e561283197eb169c91?s=96&d=mm&r=g","contentUrl":"https:\/\/secure.gravatar.com\/avatar\/436ed8cd0bd1bcd3c6bed2273a9dff8198a199d980cbb3e561283197eb169c91?s=96&d=mm&r=g","caption":"Pedro"},"url":"https:\/\/observatorio.clusteraudiovisualmadrid.es\/en\/author\/pedro_globaltalents\/"}]}},"_links":{"self":[{"href":"https:\/\/observatorio.clusteraudiovisualmadrid.es\/en\/wp-json\/wp\/v2\/posts\/3791","targetHints":{"allow":["GET"]}}],"collection":[{"href":"https:\/\/observatorio.clusteraudiovisualmadrid.es\/en\/wp-json\/wp\/v2\/posts"}],"about":[{"href":"https:\/\/observatorio.clusteraudiovisualmadrid.es\/en\/wp-json\/wp\/v2\/types\/post"}],"author":[{"embeddable":true,"href":"https:\/\/observatorio.clusteraudiovisualmadrid.es\/en\/wp-json\/wp\/v2\/users\/4"}],"replies":[{"embeddable":true,"href":"https:\/\/observatorio.clusteraudiovisualmadrid.es\/en\/wp-json\/wp\/v2\/comments?post=3791"}],"version-history":[{"count":11,"href":"https:\/\/observatorio.clusteraudiovisualmadrid.es\/en\/wp-json\/wp\/v2\/posts\/3791\/revisions"}],"predecessor-version":[{"id":3986,"href":"https:\/\/observatorio.clusteraudiovisualmadrid.es\/en\/wp-json\/wp\/v2\/posts\/3791\/revisions\/3986"}],"wp:featuredmedia":[{"embeddable":true,"href":"https:\/\/observatorio.clusteraudiovisualmadrid.es\/en\/wp-json\/wp\/v2\/media\/3867"}],"wp:attachment":[{"href":"https:\/\/observatorio.clusteraudiovisualmadrid.es\/en\/wp-json\/wp\/v2\/media?parent=3791"}],"wp:term":[{"taxonomy":"category","embeddable":true,"href":"https:\/\/observatorio.clusteraudiovisualmadrid.es\/en\/wp-json\/wp\/v2\/categories?post=3791"},{"taxonomy":"post_tag","embeddable":true,"href":"https:\/\/observatorio.clusteraudiovisualmadrid.es\/en\/wp-json\/wp\/v2\/tags?post=3791"}],"curies":[{"name":"wp","href":"https:\/\/api.w.org\/{rel}","templated":true}]}}